{"id":27326,"date":"2026-04-14T13:47:18","date_gmt":"2026-04-14T11:47:18","guid":{"rendered":"https:\/\/www.agoal.it\/?p=27326"},"modified":"2026-04-14T13:47:18","modified_gmt":"2026-04-14T11:47:18","slug":"100-foto-per-ereditare-il-mondo-7-6-2026","status":"publish","type":"post","link":"https:\/\/www.agoal.it\/index.php\/2026\/04\/14\/100-foto-per-ereditare-il-mondo-7-6-2026\/","title":{"rendered":"100 FOTO PER EREDITARE IL MONDO 7\/6\/2026"},"content":{"rendered":"<div class=\"wpb-content-wrapper\">[vc_row][vc_column width=&#8221;2\/3&#8243;][mk_padding_divider][mk_fancy_title font_family=&#8221;none&#8221;]\n<h1>100 FOTO PER EREDITARE IL MONDO<\/h1>\n<h2>MUDEC<\/h2>\n<h4>[mk_font_icons icon=&#8221;mk-moon-calendar-5&#8243;] Domenica 7 Giugno 2026 &#8211; ore 11:00<\/h4>\n<p>Scadenza opzione: 10 Maggio 2026[\/mk_fancy_title][vc_column_text css=&#8221;.vc_custom_1776167175045{margin-bottom: 0px !important;}&#8221;]\n<p style=\"text-align: justify;\">100 fotografie per ereditare il mondo \u00e8 la nuova grande mostra di fotografia in corso al Mudec di Milano. La fotografia rappresenta un linguaggio che custodisce il mondo, conservando la memoria, rivelando le trasformazioni, restituendo ferite, rinascite, cambiamenti, speranze. \u00c8 fascinazione, conoscenza, bugia e verit\u00e0 insieme, uno strumento capace di raccontare ci\u00f2 che siamo stati, ci\u00f2 che siamo e ci\u00f2 che possiamo diventare. \u00c8 il linguaggio della contemporaneit\u00e0 e, insieme, la memoria visiva dell\u2019umanit\u00e0.<br \/>\nDa questa consapevolezza nasce la mostra fotografica \u201c100 fotografie per ereditare il mondo\u201d, che non si configura come una semplice antologia di capolavori, ma come un percorso che invita a riflettere sull\u2019eredit\u00e0 visiva e culturale che la fotografia ci ha trasmesso. Il concetto di \u201cereditare il mondo\u201d, da cui il sottotitolo della mostra, si traduce in una riflessione sul nostro tempo: un presente complesso, attraversato da trasformazioni tecnologiche, crisi ambientali, conflitti ibridi, nuove identit\u00e0, e da una saturazione visiva senza precedenti. In questo scenario, la fotografia diventa uno strumento per orientarsi, per costruire consapevolezza, per trovare un posto nella memoria collettiva.<br \/>\nLa selezione delle 100 fotografie \u2013 scelta necessaria per circoscrivere un territorio visivo vastissimo \u2013 non risponde a gerarchie tra valori storici, estetici, politici o culturali: ogni immagine \u00e8 parte di un unico patrimonio collettivo. La scelta curatoriale definisce cos\u00ec un viaggio nella storia dell\u2019uomo attraverso ci\u00f2 che la fotografia ha saputo vedere, custodire e trasformare.<\/p>\n[\/vc_column_text][\/vc_column][vc_column width=&#8221;1\/3&#8243;][mk_custom_box][vc_column_text align=&#8221;center&#8221; css=&#8221;.vc_custom_1776167189156{margin-bottom: 0px !important;}&#8221;]<a href=\"https:\/\/www.agoal.it\/wp-content\/uploads\/2026\/04\/100-foto-per-ereditare-il-mondo-26.pdf\" class=\"pdfemb-viewer\" style=\"\" data-width=\"max\" data-height=\"max\" data-toolbar=\"bottom\" data-toolbar-fixed=\"off\">100-foto-per-ereditare-il-mondo-26<\/a>[\/vc_column_text][mk_padding_divider][mk_button dimension=&#8221;savvy&#8221; corner_style=&#8221;rounded&#8221; size=&#8221;medium&#8221; icon=&#8221;mk-moon-download-4&#8243; url=&#8221;https:\/\/www.agoal.it\/wp-content\/uploads\/2026\/04\/100-foto-per-ereditare-il-mondo-26.pdf&#8221; target=&#8221;_blank&#8221; fullwidth=&#8221;true&#8221; outline_skin=&#8221;custom&#8221; outline_active_color=&#8221;#003e87&#8243; outline_active_text_color=&#8221;#003e87&#8243; outline_hover_bg_color=&#8221;#003e87&#8243; outline_hover_color=&#8221;#ffffff&#8221;]Download PDF[\/mk_button][\/mk_custom_box][\/vc_column][\/vc_row]\n<\/div>","protected":false},"excerpt":{"rendered":"<p>[vc_row][vc_column width=&#8221;2\/3&#8243;][mk_padding_divider][mk_fancy_title font_family=&#8221;none&#8221;] 100 FOTO PER EREDITARE IL MONDO MUDEC [mk_font_icons icon=&#8221;mk-moon-calendar-5&#8243;] Domenica 7 Giugno 2026 &#8211; ore 11:00 Scadenza opzione: 10 Maggio 2026[\/mk_fancy_title][vc_column_text css=&#8221;.vc_custom_1776167175045{margin-bottom: 0px !important;}&#8221;] 100 fotografie per ereditare il mondo \u00e8 la nuova grande mostra di fotografia in corso al Mudec di Milano. La fotografia rappresenta un linguaggio che custodisce il mondo, [&hellip;]<\/p>\n","protected":false},"author":1,"featured_media":27321,"comment_status":"open","ping_status":"open","sticky":false,"template":"","format":"standard","meta":{"_monsterinsights_skip_tracking":false,"_monsterinsights_sitenote_active":false,"_monsterinsights_sitenote_note":"","_monsterinsights_sitenote_category":0,"footnotes":""},"categories":[94],"tags":[],"class_list":["post-27326","post","type-post","status-publish","format-standard","has-post-thumbnail","hentry","category-cultura"],"publishpress_future_action":{"enabled":true,"date":"2026-06-08 02:57:00","action":"change-status","newStatus":"draft","terms":[0],"taxonomy":"category"},"publishpress_future_workflow_manual_trigger":{"enabledWorkflows":[]},"_links":{"self":[{"href":"https:\/\/www.agoal.it\/index.php\/wp-json\/wp\/v2\/posts\/27326","targetHints":{"allow":["GET"]}}],"collection":[{"href":"https:\/\/www.agoal.it\/index.php\/wp-json\/wp\/v2\/posts"}],"about":[{"href":"https:\/\/www.agoal.it\/index.php\/wp-json\/wp\/v2\/types\/post"}],"author":[{"embeddable":true,"href":"https:\/\/www.agoal.it\/index.php\/wp-json\/wp\/v2\/users\/1"}],"replies":[{"embeddable":true,"href":"https:\/\/www.agoal.it\/index.php\/wp-json\/wp\/v2\/comments?post=27326"}],"version-history":[{"count":1,"href":"https:\/\/www.agoal.it\/index.php\/wp-json\/wp\/v2\/posts\/27326\/revisions"}],"predecessor-version":[{"id":27327,"href":"https:\/\/www.agoal.it\/index.php\/wp-json\/wp\/v2\/posts\/27326\/revisions\/27327"}],"wp:featuredmedia":[{"embeddable":true,"href":"https:\/\/www.agoal.it\/index.php\/wp-json\/wp\/v2\/media\/27321"}],"wp:attachment":[{"href":"https:\/\/www.agoal.it\/index.php\/wp-json\/wp\/v2\/media?parent=27326"}],"wp:term":[{"taxonomy":"category","embeddable":true,"href":"https:\/\/www.agoal.it\/index.php\/wp-json\/wp\/v2\/categories?post=27326"},{"taxonomy":"post_tag","embeddable":true,"href":"https:\/\/www.agoal.it\/index.php\/wp-json\/wp\/v2\/tags?post=27326"}],"curies":[{"name":"wp","href":"https:\/\/api.w.org\/{rel}","templated":true}]}}