{"id":26819,"date":"2026-01-29T15:02:23","date_gmt":"2026-01-29T14:02:23","guid":{"rendered":"https:\/\/www.agoal.it\/?p=26819"},"modified":"2026-02-06T10:53:27","modified_gmt":"2026-02-06T09:53:27","slug":"laquila-capitale-dal-29-4-al-3-5-2026","status":"publish","type":"post","link":"https:\/\/www.agoal.it\/index.php\/2026\/01\/29\/laquila-capitale-dal-29-4-al-3-5-2026\/","title":{"rendered":"L\u2019AQUILA CAPITALE dal 29\/4 al 3\/5 2026"},"content":{"rendered":"<div class=\"wpb-content-wrapper\">[vc_row][vc_column width=&#8221;2\/3&#8243;][mk_padding_divider][mk_fancy_title font_family=&#8221;none&#8221;]\n<h1>L\u2019AQUILA CAPITALE<\/h1>\n<h2>L\u2019ABRUZZO<\/h2>\n<h4>[mk_font_icons icon=&#8221;mk-moon-calendar-5&#8243;] da Mercoled\u00ec 29 Aprile a Domenica 3 Maggio 2026<\/h4>\n<p>Scadenza opzione 28 FEBBRAIO 2026[\/mk_fancy_title][vc_column_text css=&#8221;.vc_custom_1769695262581{margin-bottom: 0px !important;}&#8221;]L\u2019Aquila 2026 \u00e8 la nuova capitale italiana della cultura appena nominata! Dopo Pesaro 2024, Agrigento 2025 sar\u00e0 la volta nel 2026 del capoluogo abruzzese. Si tratta sicuramente di una citt\u00e0 molto particolare. Intanto per la sua favorevole posizione naturale: situata a circa 800 metri di altezza la citt\u00e0 si trova al centro del medesimo altipiano, subito alle pendici del Gran Sasso d\u2019Italia. Ovvero della cima pi\u00f9 alta dell\u2019appennino che, ammantata di neve per molti mesi all\u2019anno, dona alla citt\u00e0 un\u2019atmosfera tipica di latitudini decisamente pi\u00f9 settentrionali. Poi la sua storia che ha origine circa 700 anni fa quando, secondo la leggenda, 99 castelli della conca aquilana si unirono per fondare la citt\u00e0. E fu una storia di successo. Tanto che per molti anni l\u2019Aquila divenne la terza citt\u00e0 pi\u00f9 importante del Regno di Napoli, preceduta soltanto dalla capitale appunto e da Palermo. Ed ecco spiegata l\u2019esistenza della magnifica fontana delle 99 cannelle. Infine, tristemente, per il disastroso terremoto che ha duramente colpito la citt\u00e0 nel 2009, causando enormi distruzioni e la morte di centinaia di persone. Quell\u2019episodio ha segnato per sempre la storia del capoluogo. E ad un certo punto \u00e8 sembrato quasi che fosse giunta la fine di tutto. Poi, lentamente, dopo che per anni tutto il centro storico era diventato zona rossa e di fatto impenetrabile ai pi\u00f9, i restauri sono cominciati e il volto della citt\u00e0 \u00e8 stato pian piano riportato alla luce. E, caso unico in Italia ma forse al mondo, \u00e8 nato un \u201cantico moderno\u201d. Vie, vicoli, piazze e palazzi storici sono stati recuperati, ricostruiti e restaurati e l\u2019immenso patrimonio architettonico \u00e8 stato rimesso a nuovo. I lavori non sono ancora terminati. E siamo sicuri che anche l\u2019Aquila 2026 vedr\u00e0 ancora molte gru al lavoro. Con il classico skyline che caratterizza ormai da anni lo scenario del colle ove sorge il centro storico. Ma i lavori di risanamento gi\u00e0 portati a termine sono impressionanti. E ci regalano un centro storico medievale completamente ripulito, maestoso e tutto da godere. Ovunque si notano portali, piazze, chiese e cortili nobiliari con alle spalle secoli di storia ma un presente fatto di restauro, consolidamento e messa a lucido come in nessun\u2019altra citt\u00e0 italiana. \u00e8 il trionfo dell\u2019antico moderno, con una sensazione unica e diversa da tutte le altre citt\u00e0. Certo ci sono ancora ferite aperte ed interi isolati ancora da recuperare con ancora i crolli e le macerie del 2009. Ma il titolo di capitale italiana della cultura ci sembra un doveroso riconoscimento alle sofferenze e alla tenacia degli aquilani. E i fondi che arriveranno contribuiranno sicuramente ad una ulteriore accelerazione del recupero della citt\u00e0 in maniera tale che l\u2019Aquila 2026 possa ricordare i suoi morti ma anche celebrare la missione compiuta del ritorno alla vita dell\u2019Aquila, dell\u2019Abruzzo e delle sue verdi montagne.<\/p>\n<p><strong>Giorno 1: 29\/4<\/strong><br \/>\nPartenza da Milano C.le con treno AV. Trasferimento su bus privato per l\u2019Aquila con visita della citt\u00e0. Cena organizzata e pernottamento in hotel ***<\/p>\n<p><strong>Giorno 2: 30\/4<\/strong><br \/>\nColazione in hotel. Mattina dedicata all\u2019 escursione in bus privato all\u2019Abbazia di S. Liberatore a Maiella presso il borgo di Serramonacesca. Successivamente visita del borgo di Guardiagrele con ingresso al suggestivo museo del Duomo di Guardiagrele con lezione davanti ai Capolavori di Nicola da Guardiagrele, uno dei pi\u00f9 grandi orefici gotici, del Prof. Catalano. Pranzo libero e pomeriggio dedicato alla visita della citt\u00e0 dell\u2019Aquila. Rientro in hotel e cena organizzata. Pernottamento in hotel ***<\/p>\n<p><strong>Giorno 3: 1\/5<\/strong><br \/>\nColazione in hotel. Mattina in visita all\u2019Abbazia di S. Clemente a Casauria. Pranzo organizzato. Nel pomeriggio visita alla preziosa cattedrale Valvense di Corfinio e al Castello di Celano. Rientro in hotel e cena organizzata. Pernottamento in hotel ***<\/p>\n<p><strong>Giorno 4: 2\/5<\/strong><br \/>\nColazione in hotel. Escursione in bus a Sulmona, capitale italiana dei confetti con un importante centro storico di impronta medievale. Pranzo libero. Nel pomeriggio trasferimento in bus e visita al borgo montano di Pescocostanzo, perla della Maiella. Nella basilica di S. Maria del Colle ammireremo l\u2019opera del grande Caravaggesco Tanzio da Varallo con lezione davanti al Capolavoro del \u2018600 condotta dal Prof. Leonardo Catalano. Rientro in hotel e cena organizzata. Pernottamento in hotel ***<\/p>\n<p><strong>Giorno 5: 3\/5<\/strong><br \/>\nColazione in hotel. Nella mattina visita di Atri, delizioso borgo non lontano dal mar Adriatico con la suggestiva Cattedrale mirabilmente affrescata. Pranzo organizzato. Nel pomeriggio visita al Museo Archeologico Nazionale d\u2019Abruzzo di Chieti dove ammireremo la celeberrima ed enigmatica statua del Guerriero di Capestrano. Probabilmente opera dei Piceni offre una testimonianza unica e preziosa dell\u2019Italia centrale pre romana. Rientro in treno AV su Milano C.le.<\/p>\n<p>\u2022 Viaggio in Treno AV Milano P.G. (8.48 con ritrovo H 8.15 davanti alla libreria Feltrinelli) Roma Tiburtina e Pescara C.le<br \/>\n(16.10 \u2013 Milano P.G. 20.47). Gli orari potrebbero subire modifiche non dipendenti dalla nostra volont\u00e0<br \/>\n\u2022 Escursioni in bus riservato per il gruppo<br \/>\n\u2022 4 pernottamenti in hotel *** all\u2019Aquila<br \/>\n\u2022 2 pranzi organizzati con bevande incluse<br \/>\n\u2022 4 cene organizzate (tutte) con bevande incluse<br \/>\n\u2022 Ingressi in tutti i siti elencati<br \/>\n\u2022 Tassa di Soggiorno<br \/>\n\u2022 Sistema di microfonaggio<br \/>\n\u2022 Guida locale<br \/>\n\u2022 Accompagnamento e narrazioni guidate a cura dei Professori Leonardo Catalano e Stefano Gibilisco di Narciso d\u2019Autore[\/vc_column_text][\/vc_column][vc_column width=&#8221;1\/3&#8243;][mk_custom_box][vc_column_text align=&#8221;center&#8221; css=&#8221;.vc_custom_1769695280819{margin-bottom: 0px !important;}&#8221;]<a href=\"https:\/\/www.agoal.it\/wp-content\/uploads\/2026\/01\/laquila2026.pdf\" class=\"pdfemb-viewer\" style=\"\" data-width=\"max\" data-height=\"max\" data-toolbar=\"bottom\" data-toolbar-fixed=\"off\">laquila2026<\/a>[\/vc_column_text][mk_padding_divider][mk_button dimension=&#8221;savvy&#8221; corner_style=&#8221;rounded&#8221; size=&#8221;medium&#8221; icon=&#8221;mk-moon-download-4&#8243; url=&#8221;https:\/\/www.agoal.it\/wp-content\/uploads\/2026\/01\/laquila2026.pdf&#8221; target=&#8221;_blank&#8221; fullwidth=&#8221;true&#8221; outline_skin=&#8221;custom&#8221; outline_active_color=&#8221;#003e87&#8243; outline_active_text_color=&#8221;#003e87&#8243; outline_hover_bg_color=&#8221;#003e87&#8243; outline_hover_color=&#8221;#ffffff&#8221;]Download PDF[\/mk_button][\/mk_custom_box][\/vc_column][\/vc_row]\n<\/div>","protected":false},"excerpt":{"rendered":"<p>[vc_row][vc_column width=&#8221;2\/3&#8243;][mk_padding_divider][mk_fancy_title font_family=&#8221;none&#8221;] L\u2019AQUILA CAPITALE L\u2019ABRUZZO [mk_font_icons icon=&#8221;mk-moon-calendar-5&#8243;] da Mercoled\u00ec 29 Aprile a Domenica 3 Maggio 2026 Scadenza opzione 28 FEBBRAIO 2026[\/mk_fancy_title][vc_column_text css=&#8221;.vc_custom_1769695262581{margin-bottom: 0px !important;}&#8221;]L\u2019Aquila 2026 \u00e8 la nuova capitale italiana della cultura appena nominata! Dopo Pesaro 2024, Agrigento 2025 sar\u00e0 la volta nel 2026 del capoluogo abruzzese. Si tratta sicuramente di una citt\u00e0 molto [&hellip;]<\/p>\n","protected":false},"author":1,"featured_media":26810,"comment_status":"open","ping_status":"open","sticky":false,"template":"","format":"standard","meta":{"_monsterinsights_skip_tracking":false,"_monsterinsights_sitenote_active":false,"_monsterinsights_sitenote_note":"","_monsterinsights_sitenote_category":0,"footnotes":""},"categories":[94,20],"tags":[],"class_list":["post-26819","post","type-post","status-publish","format-standard","has-post-thumbnail","hentry","category-cultura","category-viaggi-e-vacanze"],"publishpress_future_action":{"enabled":true,"date":"2026-05-04 02:57:00","action":"change-status","newStatus":"draft","terms":[0],"taxonomy":"category"},"publishpress_future_workflow_manual_trigger":{"enabledWorkflows":[]},"_links":{"self":[{"href":"https:\/\/www.agoal.it\/index.php\/wp-json\/wp\/v2\/posts\/26819","targetHints":{"allow":["GET"]}}],"collection":[{"href":"https:\/\/www.agoal.it\/index.php\/wp-json\/wp\/v2\/posts"}],"about":[{"href":"https:\/\/www.agoal.it\/index.php\/wp-json\/wp\/v2\/types\/post"}],"author":[{"embeddable":true,"href":"https:\/\/www.agoal.it\/index.php\/wp-json\/wp\/v2\/users\/1"}],"replies":[{"embeddable":true,"href":"https:\/\/www.agoal.it\/index.php\/wp-json\/wp\/v2\/comments?post=26819"}],"version-history":[{"count":1,"href":"https:\/\/www.agoal.it\/index.php\/wp-json\/wp\/v2\/posts\/26819\/revisions"}],"predecessor-version":[{"id":26820,"href":"https:\/\/www.agoal.it\/index.php\/wp-json\/wp\/v2\/posts\/26819\/revisions\/26820"}],"wp:featuredmedia":[{"embeddable":true,"href":"https:\/\/www.agoal.it\/index.php\/wp-json\/wp\/v2\/media\/26810"}],"wp:attachment":[{"href":"https:\/\/www.agoal.it\/index.php\/wp-json\/wp\/v2\/media?parent=26819"}],"wp:term":[{"taxonomy":"category","embeddable":true,"href":"https:\/\/www.agoal.it\/index.php\/wp-json\/wp\/v2\/categories?post=26819"},{"taxonomy":"post_tag","embeddable":true,"href":"https:\/\/www.agoal.it\/index.php\/wp-json\/wp\/v2\/tags?post=26819"}],"curies":[{"name":"wp","href":"https:\/\/api.w.org\/{rel}","templated":true}]}}