{"id":25921,"date":"2025-11-12T14:19:31","date_gmt":"2025-11-12T13:19:31","guid":{"rendered":"https:\/\/www.agoal.it\/?p=25921"},"modified":"2026-01-19T12:28:27","modified_gmt":"2026-01-19T11:28:27","slug":"friuli-venezia-giulia-3-5-2026","status":"publish","type":"post","link":"https:\/\/www.agoal.it\/index.php\/2025\/11\/12\/friuli-venezia-giulia-3-5-2026\/","title":{"rendered":"Friuli Venezia Giulia 3\/5\/2026"},"content":{"rendered":"<div class=\"wpb-content-wrapper\">[vc_row][vc_column width=&#8221;2\/3&#8243;][mk_padding_divider][mk_fancy_title font_family=&#8221;none&#8221;]\n<h1>Friuli Venezia Giulia<\/h1>\n<h2>terra di confine e incontro di popoli<\/h2>\n<h4>[mk_font_icons icon=&#8221;mk-moon-calendar-5&#8243;] 3 &#8211; 7 MAGGIO 2026 \/ 5 giorni, 4 notti<\/h4>\n<p>Scadenza opzione: 24 GENNAIO 2026[\/mk_fancy_title][vc_column_text css=&#8221;.vc_custom_1762943481262{margin-bottom: 0px !important;}&#8221;]<strong>1\u00b0 giorno Domenica 3 Maggio 2026 = Udine<\/strong><br \/>\nPartenza da Milano alle ore \u2026\u2026\u2026.Arrivo presso l\u2019Hotel Astoria 4**** centrale a Udine. Pranzo.<br \/>\nNel pomeriggio incontro con la guida per la visita di Udine con giro citt\u00e0 sulle orme del Tiepolo. Visita ai suoi splendidi affreschi nel Museo Diocesano (ex palazzo Patriarcale prima ed Arcivescovile poi), nell\u2019Oratorio della Purit\u00e0 e nel Duomo; passeggiata attraverso Piazza Libert\u00e0, \u201cla pi\u00f9 bella piazza veneta di terraferma\u201d, via Mercatovecchio e piazza Matteotti, l\u2019antica piazza delle Erbe di Udine; sul colle del Castello visita della pi\u00f9 antica chiesa cittadina, S. Maria di Castello. Rientro in Hotel per la sistemazione nelle camere. Cena e pernottamento.<\/p>\n<p><strong>2\u00b0 giorno Luned\u00ec 4 Maggio 2026 = Gorizia, Nova Gorica e Palmanova<\/strong><br \/>\nPrima colazione in Hotel. In mattinata partenza per la visita guidata della bellissima citt\u00e0 di Gorizia, Capitale Europea della Cultura 2025 con Nova Gorica, con gli esterni del suo imponente Castello per secoli riconosciuto come il simbolo del potere ed del suo splendido Duomo del 1300, dedicato ai patroni della citt\u00e0. Passeggiata in centro storico. Si continua con la visita di Nova Gorica. Collocata proprio al confine con l\u2019Italia, \u00e8 una citt\u00e0 unica anche a livello europeo. La citt\u00e0 costruita dopo la seconda guerra mondiale, sin dall\u2019inizio si \u00e8 andata evolvendo in un posto unico dallo spirito giovane e influenzato da numerose culture che si incontrano all\u2019incrocio tra diversi mondi. Pranzo in Ristorante in corso di visite<br \/>\nPrima del rientro in hotel, sosta a Palmanova, uno dei gioielli delle terre di Udine. Citt\u00e0 fortezza a pianta stellare a nove punte, ha al centro piazza Grande, esagonale e molto ampia. Rientro in Hotel. Cena e pernottamento.<\/p>\n<p><strong>3\u00b0 giorno Marted\u00ec 5 Maggio 2026 = Trieste con il centro storico ed il Castello Miramare<\/strong><br \/>\nArrivo del Gruppo a Trieste. Incontro con la guida ed inizio della visita con la passeggiata con guida nel centro storico di Trieste, disposta tra il faro a nord e il porto nuovo a sud, \u201cnova citt\u00e0 che tiene d\u2019una maschia adolescenza, che di tra il mare e i duri colli senza forma e misura crebbe\u201d, come dice Umberto Saba. \u00c8 viva la tradizione culturale, intensamente italiana, di apertura europea; affascinante la vista del golfo adriatico, il senso del mare. Passeggiata nel centro storico in Piazza dell\u2019Unit\u00e0 d\u2019Italia, il salotto buono di Trieste, che, dopo l\u2019ultima trasformazione avvenuta tra il 1999 e il 2001, si presenta come un ampio e regolarissimo rettangolo, su cui prospettano palazzi spettacolari, come quello Comunale, la cui struttura \u00e8 data dall\u2019unione di due ali laterali e di un corpo centrale ornato dalla Torre dell\u2019Orologio. Pranzo in Ristorante. Nel pomeriggio si giunge al Castello di Miramare: circondato da un vasto giardino all\u2019italiana d\u2019impianto ottocentesco, ricco di essenze rare, il castello fu costruito in forme neorinascimentali inglesi per Massimiliano d\u2019Austria su progetto di Karl Junker. L\u2019edificio sorge in una suggestiva posizione all\u2019estremit\u00e0 di un promontorio e, per il patrimonio di mobili, dipinti, porcellane, avori, costituisce uno tra i pi\u00f9 notevoli esempi di residenza principesca della seconda met\u00e0 dell\u2019800. Al termine, rientro in Hotel. Cena e pernottamento.<\/p>\n<p><strong>4\u00b0 giorno Mercoled\u00ec 6 Maggio 2026 = Grado con l\u2019isoletta di Barbana ed Aquileia<\/strong><br \/>\nPrima colazione in Hotel. visita con guida di Grado con passeggiata attraverso il centro storico con visita delle basiliche di S. Eufemia e di S. Maria delle Grazie e del battistero (solo esterno), fino alla diga.<br \/>\nTrasferimento in battello verso l\u2019Isoletta di Barbana per la visita del Santuario della Beata Vergine Maria.<br \/>\nAl termine della visita, rientro in battello e proseguimento per il Pranzo con men\u00f9 tipico.<br \/>\nPomeriggio visita di Aquileia, con il suo centro storico ed i suoi tesori storico-artistici. Visita ai ruderi romani ed alla Basilica che con i suoi mosaici paleocristiani documentano i secoli della tarda antichit\u00e0 e dell\u2019alto medioevo in cui la citt\u00e0 scomparsa fu centro prospero e potente di una vasta regione. Rientro in Hotel. Cena e pernottamento.<\/p>\n<p><strong>5\u00b0 giorno Gioved\u00ec 7 Maggio 2026 = San Daniele del Friuli<\/strong><br \/>\nPrima colazione in Hotel. Al mattino Si giunge nella \u201cpatria del prosciutto\u201d, la famosissima localit\u00e0 di San Daniele del Friuli. Visita guidata della cittadina: posta su una collina, \u00e8 un centro di suggestiva bellezza per l\u2019ampia vista che da esso si gode sulle circostanti colline moreniche. Caratteristica del luogo \u00e8 la produzione del rinomato prosciutto crudo di San Daniele, che per la lavorazione e per le condizioni climatiche assume un sapore inimitabile. Passeggiata lungo il centro storico e successiva visita di un rinomato prosciuttificio Sandanielese dove sar\u00e0 possibile vedere come i sapienti artigiani danno vita a questo meraviglioso prodotto tipico. Pranzo in Prosciuttificio.<br \/>\nAl termine, partenza per il viaggio di rientro. Fine ns. servizi.[\/vc_column_text][\/vc_column][vc_column width=&#8221;1\/3&#8243;][mk_custom_box][vc_column_text align=&#8221;center&#8221; css=&#8221;.vc_custom_1762954733191{margin-bottom: 0px !important;}&#8221;]<a href=\"https:\/\/www.agoal.it\/wp-content\/uploads\/2025\/11\/friuli26.pdf\" class=\"pdfemb-viewer\" style=\"\" data-width=\"max\" data-height=\"max\" data-toolbar=\"bottom\" data-toolbar-fixed=\"off\">friuli26<\/a>[\/vc_column_text][mk_padding_divider][mk_button dimension=&#8221;savvy&#8221; corner_style=&#8221;rounded&#8221; size=&#8221;medium&#8221; icon=&#8221;mk-moon-download-4&#8243; url=&#8221;https:\/\/www.agoal.it\/wp-content\/uploads\/2025\/11\/friuli26.pdf&#8221; target=&#8221;_blank&#8221; fullwidth=&#8221;true&#8221; outline_skin=&#8221;custom&#8221; outline_active_color=&#8221;#003e87&#8243; outline_active_text_color=&#8221;#003e87&#8243; outline_hover_bg_color=&#8221;#003e87&#8243; outline_hover_color=&#8221;#ffffff&#8221;]Download PDF[\/mk_button][\/mk_custom_box][\/vc_column][\/vc_row]\n<\/div>","protected":false},"excerpt":{"rendered":"<p>[vc_row][vc_column width=&#8221;2\/3&#8243;][mk_padding_divider][mk_fancy_title font_family=&#8221;none&#8221;] Friuli Venezia Giulia terra di confine e incontro di popoli [mk_font_icons icon=&#8221;mk-moon-calendar-5&#8243;] 3 &#8211; 7 MAGGIO 2026 \/ 5 giorni, 4 notti Scadenza opzione: 24 GENNAIO 2026[\/mk_fancy_title][vc_column_text css=&#8221;.vc_custom_1762943481262{margin-bottom: 0px !important;}&#8221;]1\u00b0 giorno Domenica 3 Maggio 2026 = Udine Partenza da Milano alle ore \u2026\u2026\u2026.Arrivo presso l\u2019Hotel Astoria 4**** centrale a Udine. Pranzo. Nel [&hellip;]<\/p>\n","protected":false},"author":1,"featured_media":25924,"comment_status":"open","ping_status":"open","sticky":false,"template":"","format":"standard","meta":{"_monsterinsights_skip_tracking":false,"_monsterinsights_sitenote_active":false,"_monsterinsights_sitenote_note":"","_monsterinsights_sitenote_category":0,"footnotes":""},"categories":[20],"tags":[],"class_list":["post-25921","post","type-post","status-publish","format-standard","has-post-thumbnail","hentry","category-viaggi-e-vacanze"],"publishpress_future_action":{"enabled":false,"date":"2026-05-09 05:53:06","action":"change-status","newStatus":"draft","terms":[],"taxonomy":"category"},"publishpress_future_workflow_manual_trigger":{"enabledWorkflows":[]},"_links":{"self":[{"href":"https:\/\/www.agoal.it\/index.php\/wp-json\/wp\/v2\/posts\/25921","targetHints":{"allow":["GET"]}}],"collection":[{"href":"https:\/\/www.agoal.it\/index.php\/wp-json\/wp\/v2\/posts"}],"about":[{"href":"https:\/\/www.agoal.it\/index.php\/wp-json\/wp\/v2\/types\/post"}],"author":[{"embeddable":true,"href":"https:\/\/www.agoal.it\/index.php\/wp-json\/wp\/v2\/users\/1"}],"replies":[{"embeddable":true,"href":"https:\/\/www.agoal.it\/index.php\/wp-json\/wp\/v2\/comments?post=25921"}],"version-history":[{"count":2,"href":"https:\/\/www.agoal.it\/index.php\/wp-json\/wp\/v2\/posts\/25921\/revisions"}],"predecessor-version":[{"id":26001,"href":"https:\/\/www.agoal.it\/index.php\/wp-json\/wp\/v2\/posts\/25921\/revisions\/26001"}],"wp:featuredmedia":[{"embeddable":true,"href":"https:\/\/www.agoal.it\/index.php\/wp-json\/wp\/v2\/media\/25924"}],"wp:attachment":[{"href":"https:\/\/www.agoal.it\/index.php\/wp-json\/wp\/v2\/media?parent=25921"}],"wp:term":[{"taxonomy":"category","embeddable":true,"href":"https:\/\/www.agoal.it\/index.php\/wp-json\/wp\/v2\/categories?post=25921"},{"taxonomy":"post_tag","embeddable":true,"href":"https:\/\/www.agoal.it\/index.php\/wp-json\/wp\/v2\/tags?post=25921"}],"curies":[{"name":"wp","href":"https:\/\/api.w.org\/{rel}","templated":true}]}}